{"id":46,"date":"2024-08-21T18:02:19","date_gmt":"2024-08-21T18:02:19","guid":{"rendered":"https:\/\/jzk-psycholog.ovh\/?p=46"},"modified":"2024-09-06T08:14:33","modified_gmt":"2024-09-06T08:14:33","slug":"lek-separacyjny","status":"publish","type":"post","link":"https:\/\/jzk-psycholog.pl\/index.php\/2024\/08\/21\/lek-separacyjny\/","title":{"rendered":"L\u0119k separacyjny u dziecka &#8211; jak sobie z nim radzi\u0107? Kiedy wyst\u0119puje?"},"content":{"rendered":"\n<h2 class=\"wp-block-heading\">Czym jest l\u0119k separacyjny u dzieci?<\/h2>\n\n\n\n<p>Normalnym zjawiskiem jest, \u017ce dzieci w okresie niemowl\u0119cym i przedszkolnym mog\u0105 reagowa\u0107 l\u0119kiem w momencie rozstania si\u0119 z wa\u017cn\u0105 dla siebie osob\u0105. Opiekunowie, kt\u00f3rzy na sta\u0142e przebywaj\u0105 z dzieckiem (najcz\u0119\u015bciej s\u0105 to rodzice) daj\u0105 mu poczucie bezpiecze\u0144stwa oraz sta\u0142o\u015bci. Pocz\u0105tkowo, gdy dziecko zaczyna adaptacj\u0119 w nowej plac\u00f3wce, zupe\u0142nie naturalne jest, \u017ce mo\u017ce wywo\u0142ywa\u0107 to u niego niepewne odczucia. Mo\u017ce p\u0142aka\u0107 za rodzicem i niech\u0119tnie si\u0119 z nim rozstawa\u0107. B\u0119d\u0105c zostawionym pierwszy raz u dziadk\u00f3w, cioci czy niani, szuka i wo\u0142a rodzica, wykazuj\u0105c zwi\u0119kszon\u0105 potrzeb\u0119 blisko\u015bci z jego strony.<\/p>\n\n\n\n<p>Wed\u0142ug obowi\u0105zuj\u0105cej klasyfikacji\u00a0zaburze\u0144 psychicznych\u00a0i zaburze\u0144 zachowania w ICD-10 l\u0119k przed separacj\u0105 w dzieci\u0144stwie (F93.0) umiejscowiony jest w\u015br\u00f3d zaburze\u0144 emocjonalnych rozpoczynaj\u0105cych si\u0119 zwykle w dzieci\u0144stwie (F93). Szacuje si\u0119, \u017ce wyst\u0119puje u ok. 3,5-5,4% populacji dzieci w wieku przedszkolnym, nieco cz\u0119\u015bciej u dziewczynek.<\/p>\n\n\n\n<h2 class=\"wp-block-heading\" id=\"heading_1\">Kiedy mo\u017cemy m\u00f3wi\u0107 o l\u0119ku separacyjnym jako o zaburzeniu?<\/h2>\n\n\n\n<p>Diagnoz\u0119 l\u0119ku przed separacj\u0105 w dzieci\u0144stwie mo\u017cemy postawi\u0107 w sytuacji, gdy obserwujemy:<\/p>\n\n\n\n<ul class=\"wp-block-list\">\n<li>zogniskowany, nadmierny l\u0119k przed rozstaniem si\u0119 z tymi osobami, kt\u00f3re s\u0105 dla dziecka wa\u017cne (zwykle s\u0105 to rodzice lub inni cz\u0142onkowie rodziny),<\/li>\n\n\n\n<li>powstanie l\u0119ku we wczesnym dzieci\u0144stwie (pocz\u0105tek przed 6. rokiem \u017cycia),<\/li>\n\n\n\n<li>nie stanowi on cz\u0119\u015bci l\u0119ku uog\u00f3lnionego obejmuj\u0105cego wiele sytuacji,<\/li>\n\n\n\n<li>czas trwania co najmniej 4 tygodnie.<\/li>\n<\/ul>\n\n\n\n<p>Zatem bardzo istotnym elementem odr\u00f3\u017cniaj\u0105cym l\u0119k przed separacj\u0105 w dzieci\u0144stwie od normatywnie wyst\u0119puj\u0105cego l\u0119ku (charakterystycznego dla ma\u0142ych dzieci) jest jego nasilenie, zbyt d\u0142ugi czas trwania oraz trudno\u015bci w funkcjonowaniu spo\u0142ecznym pacjenta.<\/p>\n\n\n\n<h2 class=\"wp-block-heading\" id=\"heading_2\">Jakie objawy mo\u017cna zaobserwowa\u0107?<\/h2>\n\n\n\n<p>W\u015br\u00f3d objaw\u00f3w mo\u017cna zaobserwowa\u0107:<\/p>\n\n\n\n<ul class=\"wp-block-list\">\n<li>nierealistyczne zamartwianie si\u0119 zdrowiem i \u017cyciem wa\u017cnych dla dziecka os\u00f3b, obawa przed ich utrat\u0105, uporczywe my\u015bli o ich \u015bmierci,<\/li>\n\n\n\n<li>obawa przed nieszcz\u0119\u015bliwym zdarzeniem, kt\u00f3re mog\u0142oby rozdzieli\u0107 dziecko od wa\u017cnego opiekuna (np. porwanie, zagubienie si\u0119),<\/li>\n\n\n\n<li>sta\u0142a niech\u0119\u0107 i odmowa chodzenia do szko\u0142y, kt\u00f3rej powodem jest l\u0119k przed roz\u0142\u0105k\u0105 (istotne jest, aby odr\u00f3\u017cni\u0107 sytuacj\u0119, gdy dziecko nie chce i\u015b\u0107 do szko\u0142y z obawy przed sprawdzianem czy innym wydarzeniem),<\/li>\n\n\n\n<li>trudno\u015bci w samodzielnym zasypianiu, brak zgody na spanie poza domem czy te\u017c cz\u0119ste sprawdzanie w trakcie nocy obecno\u015bci wa\u017cnej dla dziecka osoby,<\/li>\n\n\n\n<li>utrzymuj\u0105cy si\u0119 strach przed roz\u0142\u0105k\u0105 z wa\u017cn\u0105 osob\u0105 w ci\u0105gu dnia, w domu oraz brak ch\u0119ci do przebywania w domu samemu,<\/li>\n\n\n\n<li>koszmary nocne zwi\u0105zane z tematem roz\u0142\u0105ki,<\/li>\n\n\n\n<li>w sytuacji spodziewanej roz\u0142\u0105ki (np. p\u00f3j\u015bcie do plac\u00f3wki, wyjazd na ob\u00f3z) powtarzaj\u0105ce si\u0119 objawy somatyczne (tj. b\u00f3le g\u0142owy, brzucha czy nudno\u015bci),<\/li>\n\n\n\n<li>wyra\u017ane objawy stresu, widoczne w sytuacji spodziewanego rozdzielenia si\u0119 z osob\u0105 blisk\u0105 lub wyst\u0119puj\u0105ce od razu po niej. Dziecko mo\u017ce wtedy p\u0142aka\u0107, z\u0142o\u015bci\u0107 si\u0119, okazywa\u0107 nadmiern\u0105 potrzeb\u0119 rozmowy z rodzicami, mo\u017cemy obserwowa\u0107 poczucie nieszcz\u0119\u015bcia, spo\u0142eczne wycofanie si\u0119 oraz apati\u0119.<\/li>\n<\/ul>\n\n\n\n<h2 class=\"wp-block-heading\" id=\"heading_3\">Przyczyny pojawienia si\u0119 l\u0119ku separacyjnego<\/h2>\n\n\n\n<p>Odnotowuje si\u0119 pewne specyficzne czynniki ryzyka, kt\u00f3re mo\u017cna powi\u0105za\u0107 z pojawieniem si\u0119 l\u0119ku przed separacj\u0105 w dzieci\u0144stwie. W\u015br\u00f3d nich mo\u017cemy wymieni\u0107:<\/p>\n\n\n\n<ul class=\"wp-block-list\">\n<li>nag\u0142a zmiana w rodzinie lub plac\u00f3wce, do kt\u00f3rej ucz\u0119szcza dziecko (np. przeprowadzka, zmiana przedszkola),<\/li>\n\n\n\n<li>wyst\u0119powanie specyficznych trudno\u015bci w nauce,<\/li>\n\n\n\n<li>zdiagnozowane zaburzenia l\u0119kowe w\u015br\u00f3d rodziny pacjenta,<\/li>\n\n\n\n<li>powa\u017cna choroba lub \u015bmier\u0107 bliskiej osoby.<\/li>\n<\/ul>\n\n\n\n<h2 class=\"wp-block-heading\" id=\"heading_4\">Jak l\u0119k separacyjny u dziecka wp\u0142ywa na funkcjonowanie rodziny?<\/h2>\n\n\n\n<p>Zaburzenie to bardzo cz\u0119sto wp\u0142ywa na funkcjonowanie ca\u0142ej rodziny, dezorganizuj\u0105c plan dnia. Niejednokrotnie rodzice maj\u0105 trudno\u015b\u0107 w odr\u00f3\u017cnieniu, kiedy jest odpowiedni czas, aby dziecko pozostawi\u0107 pod opiek\u0105 bliskiej osoby lub w plac\u00f3wce, a kiedy jednak z tego zrezygnowa\u0107. Dziecko, kt\u00f3re p\u0142acze i krzyczy w momencie rozstania, nie u\u0142atwia rodzicom podj\u0119cia decyzji. Do tego do\u015b\u0107 powszechne trudno\u015bci z samodzielnym zasypianiem oraz samodzielnym spaniem, jak i ci\u0105g\u0142a potrzeba bycia blisko wa\u017cnej osoby, mog\u0105 wp\u0142ywa\u0107 na atmosfer\u0119 w domu.<\/p>\n\n\n\n<p>L\u0119k przed separacj\u0105 w dzieci\u0144stwie mo\u017ce powodowa\u0107 k\u0142\u00f3tnie np. mi\u0119dzy rodzicami, kt\u00f3rzy s\u0105 zm\u0119czeni oraz czuj\u0105 bezradno\u015b\u0107 w stosunku do sytuacji, w kt\u00f3rej si\u0119 znale\u017ali. Oczywi\u015bcie, najcz\u0119\u015bciej doprowadza to do destabilizacji \u017cycia codziennego.<\/p>\n\n\n\n<h2 class=\"wp-block-heading\" id=\"heading_5\">Leczenie l\u0119ku separacyjnego<\/h2>\n\n\n\n<p>Nale\u017cy zacz\u0105\u0107 od tego, \u017ce nieleczone zaburzenie, mo\u017ce prowadzi\u0107 do wyst\u0105pienia innych zaburze\u0144 w przysz\u0142o\u015bci. Zwi\u0119kszone jest ryzyko pojawienia si\u0119 w\u00a0zaburzenia l\u0119kowego\u00a0uog\u00f3lnionego, zaburze\u0144 przystosowania i osobowo\u015bci oraz\u00a0fobii spo\u0142ecznej.\u00a0Z uwagi na to, \u017ce zaburzenie mo\u017ce destabilizowa\u0107 \u017cycie rodzinne oraz najcz\u0119\u015bciej wp\u0142ywa negatywnie na rozw\u00f3j dziecka (tj. zak\u0142\u00f3cenia rozwoju psychospo\u0142ecznego, trudno\u015bci oraz zaleg\u0142o\u015bci w nauce, mniejsza samodzielno\u015b\u0107), nale\u017cy jak najszybciej uda\u0107 si\u0119 po pomoc.<\/p>\n\n\n\n<p>Psycholog\u00a0po przeprowadzeniu dok\u0142adnego wywiadu, a nast\u0119pnie postawieniu diagnozy, b\u0119dzie m\u00f3g\u0142 wprowadzi\u0107 psychoedukacj\u0119 dla rodzic\u00f3w, kt\u00f3ra jest nieod\u0142\u0105cznym elementem terapeutycznym w przypadku leczenia tego zaburzenia. Najwa\u017cniejszym elementem leczenia l\u0119ku przed separacj\u0105, jest wprowadzenie programu terapeutycznego obejmuj\u0105cego zar\u00f3wno pacjenta, jak i jego rodzin\u0119. Leczenie farmakologiczne nie jest tutaj post\u0119powaniem pierwszego wyboru. Istotne jest, aby w momencie podj\u0119cia decyzji o rozpocz\u0119ciu terapii wzi\u0105\u0107 pod uwag\u0119 takie aspekty jak:<\/p>\n\n\n\n<ul class=\"wp-block-list\">\n<li>wiek pacjenta,<\/li>\n\n\n\n<li>wp\u0142yw objaw\u00f3w na funkcjonowanie rodziny,<\/li>\n\n\n\n<li>nasilenie objaw\u00f3w oraz ich wp\u0142yw na funkcjonowanie dziecka,<\/li>\n\n\n\n<li>ewentualne wsp\u00f3\u0142wyst\u0119powanie psychospo\u0142ecznych czynnik\u00f3w stresowych.<\/li>\n<\/ul>\n\n\n\n<p>Gdy obserwujemy pewien poziom l\u0119ku u dziecka, w sytuacji rozstania z rodzicami, nie jest to automatycznie pow\u00f3d, by szuka\u0107 pomocy u specjalisty. Najcz\u0119\u015bciej \u015bwiadczy to o prawid\u0142owym przebiegu rozwoju emocjonalnego. Jednak, je\u015bli objawy nie ust\u0119puj\u0105 z czasem, nasilaj\u0105 si\u0119, dezorganizuj\u0105 funkcjonowanie dziecka oraz rodziny, nale\u017cy uda\u0107 si\u0119 po pomoc. Im wcze\u015bniej b\u0119dzie podj\u0119ta interwencja, tym wi\u0119ksza szansa na szybsze ustanie objaw\u00f3w. Warto pami\u0119ta\u0107, \u017ce l\u0119k separacyjny nieleczony mo\u017ce wt\u00f3rnie prowadzi\u0107 do rozwoju wcze\u015bniej opisanych zaburze\u0144 oraz trudno\u015bci w p\u00f3\u017aniejszym \u017cyciu pacjenta.<\/p>\n\n\n\n<p>Przed wizyt\u0105 u psychologa warto zanotowa\u0107 wszystkie niepokoj\u0105ce rodzic\u00f3w objawy oraz moment ich powstania czy te\u017c nasilenia. Pierwszorazowa wizyta u specjalisty cz\u0119sto wi\u0105\u017ce si\u0119 ze stresem. To z kolei mo\u017ce spowodowa\u0107, \u017ce rodzic zapomni wspomnie\u0107 o istotnym objawie z punktu widzenia diagnozy lub terapii. Wszelkie dodatkowe uwagi, opinie z plac\u00f3wki (je\u015bli dziecko do niej ucz\u0119szcza) mog\u0105 okaza\u0107 si\u0119 pomocne.<\/p>\n","protected":false},"excerpt":{"rendered":"<p>Czym jest l\u0119k separacyjny u dzieci? Normalnym zjawiskiem jest, \u017ce dzieci w okresie niemowl\u0119cym i przedszkolnym mog\u0105 reagowa\u0107 l\u0119kiem w momencie rozstania si\u0119 z wa\u017cn\u0105 dla siebie osob\u0105. Opiekunowie, kt\u00f3rzy &hellip; <\/p>\n","protected":false},"author":1,"featured_media":0,"comment_status":"closed","ping_status":"closed","sticky":false,"template":"","format":"standard","meta":{"footnotes":""},"categories":[1],"tags":[],"class_list":["post-46","post","type-post","status-publish","format-standard","hentry","category-artykuly","has-meta has-sticky-meta"],"yoast_head":"<!-- This site is optimized with the Yoast SEO plugin v27.3 - https:\/\/yoast.com\/product\/yoast-seo-wordpress\/ -->\n<title>L\u0119k separacyjny u dziecka - jak sobie z nim radzi\u0107? Kiedy wyst\u0119puje? - Psycholog Dzieci\u0119cy Wroc\u0142aw JZK<\/title>\n<meta name=\"robots\" content=\"index, follow, max-snippet:-1, max-image-preview:large, max-video-preview:-1\" \/>\n<link rel=\"canonical\" href=\"https:\/\/jzk-psycholog.pl\/index.php\/2024\/08\/21\/lek-separacyjny\/\" \/>\n<meta property=\"og:locale\" content=\"pl_PL\" \/>\n<meta property=\"og:type\" content=\"article\" \/>\n<meta property=\"og:title\" content=\"L\u0119k separacyjny u dziecka - jak sobie z nim radzi\u0107? Kiedy wyst\u0119puje? - Psycholog Dzieci\u0119cy Wroc\u0142aw JZK\" \/>\n<meta property=\"og:description\" content=\"Czym jest l\u0119k separacyjny u dzieci? Normalnym zjawiskiem jest, \u017ce dzieci w okresie niemowl\u0119cym i przedszkolnym mog\u0105 reagowa\u0107 l\u0119kiem w momencie rozstania si\u0119 z wa\u017cn\u0105 dla siebie osob\u0105. Opiekunowie, kt\u00f3rzy &hellip;\" \/>\n<meta property=\"og:url\" content=\"https:\/\/jzk-psycholog.pl\/index.php\/2024\/08\/21\/lek-separacyjny\/\" \/>\n<meta property=\"og:site_name\" content=\"Psycholog Dzieci\u0119cy Wroc\u0142aw JZK\" \/>\n<meta property=\"article:published_time\" content=\"2024-08-21T18:02:19+00:00\" \/>\n<meta property=\"article:modified_time\" content=\"2024-09-06T08:14:33+00:00\" \/>\n<meta name=\"author\" content=\"Joanna Zimowska-Koralewska\" \/>\n<meta name=\"twitter:card\" content=\"summary_large_image\" \/>\n<meta name=\"twitter:label1\" content=\"Napisane przez\" \/>\n\t<meta name=\"twitter:data1\" content=\"Joanna Zimowska-Koralewska\" \/>\n\t<meta name=\"twitter:label2\" content=\"Szacowany czas czytania\" \/>\n\t<meta name=\"twitter:data2\" content=\"6 minut\" \/>\n<script type=\"application\/ld+json\" class=\"yoast-schema-graph\">{\"@context\":\"https:\\\/\\\/schema.org\",\"@graph\":[{\"@type\":\"Article\",\"@id\":\"https:\\\/\\\/jzk-psycholog.pl\\\/index.php\\\/2024\\\/08\\\/21\\\/lek-separacyjny\\\/#article\",\"isPartOf\":{\"@id\":\"https:\\\/\\\/jzk-psycholog.pl\\\/index.php\\\/2024\\\/08\\\/21\\\/lek-separacyjny\\\/\"},\"author\":{\"name\":\"Joanna Zimowska-Koralewska\",\"@id\":\"https:\\\/\\\/jzk-psycholog.pl\\\/#\\\/schema\\\/person\\\/300b1bd369d831bdea608a0f170dd026\"},\"headline\":\"L\u0119k separacyjny u dziecka &#8211; jak sobie z nim radzi\u0107? Kiedy wyst\u0119puje?\",\"datePublished\":\"2024-08-21T18:02:19+00:00\",\"dateModified\":\"2024-09-06T08:14:33+00:00\",\"mainEntityOfPage\":{\"@id\":\"https:\\\/\\\/jzk-psycholog.pl\\\/index.php\\\/2024\\\/08\\\/21\\\/lek-separacyjny\\\/\"},\"wordCount\":1131,\"publisher\":{\"@id\":\"https:\\\/\\\/jzk-psycholog.pl\\\/#organization\"},\"articleSection\":[\"Artyku\u0142y\"],\"inLanguage\":\"pl-PL\"},{\"@type\":\"WebPage\",\"@id\":\"https:\\\/\\\/jzk-psycholog.pl\\\/index.php\\\/2024\\\/08\\\/21\\\/lek-separacyjny\\\/\",\"url\":\"https:\\\/\\\/jzk-psycholog.pl\\\/index.php\\\/2024\\\/08\\\/21\\\/lek-separacyjny\\\/\",\"name\":\"L\u0119k separacyjny u dziecka - jak sobie z nim radzi\u0107? Kiedy wyst\u0119puje? - Psycholog Dzieci\u0119cy Wroc\u0142aw JZK\",\"isPartOf\":{\"@id\":\"https:\\\/\\\/jzk-psycholog.pl\\\/#website\"},\"datePublished\":\"2024-08-21T18:02:19+00:00\",\"dateModified\":\"2024-09-06T08:14:33+00:00\",\"breadcrumb\":{\"@id\":\"https:\\\/\\\/jzk-psycholog.pl\\\/index.php\\\/2024\\\/08\\\/21\\\/lek-separacyjny\\\/#breadcrumb\"},\"inLanguage\":\"pl-PL\",\"potentialAction\":[{\"@type\":\"ReadAction\",\"target\":[\"https:\\\/\\\/jzk-psycholog.pl\\\/index.php\\\/2024\\\/08\\\/21\\\/lek-separacyjny\\\/\"]}]},{\"@type\":\"BreadcrumbList\",\"@id\":\"https:\\\/\\\/jzk-psycholog.pl\\\/index.php\\\/2024\\\/08\\\/21\\\/lek-separacyjny\\\/#breadcrumb\",\"itemListElement\":[{\"@type\":\"ListItem\",\"position\":1,\"name\":\"Strona g\u0142\u00f3wna\",\"item\":\"https:\\\/\\\/jzk-psycholog.pl\\\/\"},{\"@type\":\"ListItem\",\"position\":2,\"name\":\"L\u0119k separacyjny u dziecka &#8211; jak sobie z nim radzi\u0107? Kiedy wyst\u0119puje?\"}]},{\"@type\":\"WebSite\",\"@id\":\"https:\\\/\\\/jzk-psycholog.pl\\\/#website\",\"url\":\"https:\\\/\\\/jzk-psycholog.pl\\\/\",\"name\":\"JZK Psycholog Dzieci\u0119cy\",\"description\":\"mgr Joanna Zimowska Koralewska. Gabinet diagnozy i terapii dzieci 0-10 lat.\",\"publisher\":{\"@id\":\"https:\\\/\\\/jzk-psycholog.pl\\\/#organization\"},\"potentialAction\":[{\"@type\":\"SearchAction\",\"target\":{\"@type\":\"EntryPoint\",\"urlTemplate\":\"https:\\\/\\\/jzk-psycholog.pl\\\/?s={search_term_string}\"},\"query-input\":{\"@type\":\"PropertyValueSpecification\",\"valueRequired\":true,\"valueName\":\"search_term_string\"}}],\"inLanguage\":\"pl-PL\"},{\"@type\":\"Organization\",\"@id\":\"https:\\\/\\\/jzk-psycholog.pl\\\/#organization\",\"name\":\"JZK Psycholog Dzieci\u0119cy Wroc\u0142aw\",\"url\":\"https:\\\/\\\/jzk-psycholog.pl\\\/\",\"logo\":{\"@type\":\"ImageObject\",\"inLanguage\":\"pl-PL\",\"@id\":\"https:\\\/\\\/jzk-psycholog.pl\\\/#\\\/schema\\\/logo\\\/image\\\/\",\"url\":\"https:\\\/\\\/jzk-psycholog.pl\\\/wp-content\\\/uploads\\\/2024\\\/08\\\/logo-kolor.png\",\"contentUrl\":\"https:\\\/\\\/jzk-psycholog.pl\\\/wp-content\\\/uploads\\\/2024\\\/08\\\/logo-kolor.png\",\"width\":2364,\"height\":1068,\"caption\":\"JZK Psycholog Dzieci\u0119cy Wroc\u0142aw\"},\"image\":{\"@id\":\"https:\\\/\\\/jzk-psycholog.pl\\\/#\\\/schema\\\/logo\\\/image\\\/\"}},{\"@type\":\"Person\",\"@id\":\"https:\\\/\\\/jzk-psycholog.pl\\\/#\\\/schema\\\/person\\\/300b1bd369d831bdea608a0f170dd026\",\"name\":\"Joanna Zimowska-Koralewska\",\"image\":{\"@type\":\"ImageObject\",\"inLanguage\":\"pl-PL\",\"@id\":\"https:\\\/\\\/secure.gravatar.com\\\/avatar\\\/6b8ed2dff7d705435ee3447d7cd04663ef47779e3bb85f650eca8453ff8a6bbc?s=96&d=mm&r=g\",\"url\":\"https:\\\/\\\/secure.gravatar.com\\\/avatar\\\/6b8ed2dff7d705435ee3447d7cd04663ef47779e3bb85f650eca8453ff8a6bbc?s=96&d=mm&r=g\",\"contentUrl\":\"https:\\\/\\\/secure.gravatar.com\\\/avatar\\\/6b8ed2dff7d705435ee3447d7cd04663ef47779e3bb85f650eca8453ff8a6bbc?s=96&d=mm&r=g\",\"caption\":\"Joanna Zimowska-Koralewska\"},\"sameAs\":[\"http:\\\/\\\/jzk-psycholog.ovh\"],\"url\":\"https:\\\/\\\/jzk-psycholog.pl\\\/index.php\\\/author\\\/admin9573\\\/\"}]}<\/script>\n<!-- \/ Yoast SEO plugin. -->","yoast_head_json":{"title":"L\u0119k separacyjny u dziecka - jak sobie z nim radzi\u0107? Kiedy wyst\u0119puje? - Psycholog Dzieci\u0119cy Wroc\u0142aw JZK","robots":{"index":"index","follow":"follow","max-snippet":"max-snippet:-1","max-image-preview":"max-image-preview:large","max-video-preview":"max-video-preview:-1"},"canonical":"https:\/\/jzk-psycholog.pl\/index.php\/2024\/08\/21\/lek-separacyjny\/","og_locale":"pl_PL","og_type":"article","og_title":"L\u0119k separacyjny u dziecka - jak sobie z nim radzi\u0107? Kiedy wyst\u0119puje? - Psycholog Dzieci\u0119cy Wroc\u0142aw JZK","og_description":"Czym jest l\u0119k separacyjny u dzieci? Normalnym zjawiskiem jest, \u017ce dzieci w okresie niemowl\u0119cym i przedszkolnym mog\u0105 reagowa\u0107 l\u0119kiem w momencie rozstania si\u0119 z wa\u017cn\u0105 dla siebie osob\u0105. Opiekunowie, kt\u00f3rzy &hellip;","og_url":"https:\/\/jzk-psycholog.pl\/index.php\/2024\/08\/21\/lek-separacyjny\/","og_site_name":"Psycholog Dzieci\u0119cy Wroc\u0142aw JZK","article_published_time":"2024-08-21T18:02:19+00:00","article_modified_time":"2024-09-06T08:14:33+00:00","author":"Joanna Zimowska-Koralewska","twitter_card":"summary_large_image","twitter_misc":{"Napisane przez":"Joanna Zimowska-Koralewska","Szacowany czas czytania":"6 minut"},"schema":{"@context":"https:\/\/schema.org","@graph":[{"@type":"Article","@id":"https:\/\/jzk-psycholog.pl\/index.php\/2024\/08\/21\/lek-separacyjny\/#article","isPartOf":{"@id":"https:\/\/jzk-psycholog.pl\/index.php\/2024\/08\/21\/lek-separacyjny\/"},"author":{"name":"Joanna Zimowska-Koralewska","@id":"https:\/\/jzk-psycholog.pl\/#\/schema\/person\/300b1bd369d831bdea608a0f170dd026"},"headline":"L\u0119k separacyjny u dziecka &#8211; jak sobie z nim radzi\u0107? Kiedy wyst\u0119puje?","datePublished":"2024-08-21T18:02:19+00:00","dateModified":"2024-09-06T08:14:33+00:00","mainEntityOfPage":{"@id":"https:\/\/jzk-psycholog.pl\/index.php\/2024\/08\/21\/lek-separacyjny\/"},"wordCount":1131,"publisher":{"@id":"https:\/\/jzk-psycholog.pl\/#organization"},"articleSection":["Artyku\u0142y"],"inLanguage":"pl-PL"},{"@type":"WebPage","@id":"https:\/\/jzk-psycholog.pl\/index.php\/2024\/08\/21\/lek-separacyjny\/","url":"https:\/\/jzk-psycholog.pl\/index.php\/2024\/08\/21\/lek-separacyjny\/","name":"L\u0119k separacyjny u dziecka - jak sobie z nim radzi\u0107? Kiedy wyst\u0119puje? - Psycholog Dzieci\u0119cy Wroc\u0142aw JZK","isPartOf":{"@id":"https:\/\/jzk-psycholog.pl\/#website"},"datePublished":"2024-08-21T18:02:19+00:00","dateModified":"2024-09-06T08:14:33+00:00","breadcrumb":{"@id":"https:\/\/jzk-psycholog.pl\/index.php\/2024\/08\/21\/lek-separacyjny\/#breadcrumb"},"inLanguage":"pl-PL","potentialAction":[{"@type":"ReadAction","target":["https:\/\/jzk-psycholog.pl\/index.php\/2024\/08\/21\/lek-separacyjny\/"]}]},{"@type":"BreadcrumbList","@id":"https:\/\/jzk-psycholog.pl\/index.php\/2024\/08\/21\/lek-separacyjny\/#breadcrumb","itemListElement":[{"@type":"ListItem","position":1,"name":"Strona g\u0142\u00f3wna","item":"https:\/\/jzk-psycholog.pl\/"},{"@type":"ListItem","position":2,"name":"L\u0119k separacyjny u dziecka &#8211; jak sobie z nim radzi\u0107? Kiedy wyst\u0119puje?"}]},{"@type":"WebSite","@id":"https:\/\/jzk-psycholog.pl\/#website","url":"https:\/\/jzk-psycholog.pl\/","name":"JZK Psycholog Dzieci\u0119cy","description":"mgr Joanna Zimowska Koralewska. Gabinet diagnozy i terapii dzieci 0-10 lat.","publisher":{"@id":"https:\/\/jzk-psycholog.pl\/#organization"},"potentialAction":[{"@type":"SearchAction","target":{"@type":"EntryPoint","urlTemplate":"https:\/\/jzk-psycholog.pl\/?s={search_term_string}"},"query-input":{"@type":"PropertyValueSpecification","valueRequired":true,"valueName":"search_term_string"}}],"inLanguage":"pl-PL"},{"@type":"Organization","@id":"https:\/\/jzk-psycholog.pl\/#organization","name":"JZK Psycholog Dzieci\u0119cy Wroc\u0142aw","url":"https:\/\/jzk-psycholog.pl\/","logo":{"@type":"ImageObject","inLanguage":"pl-PL","@id":"https:\/\/jzk-psycholog.pl\/#\/schema\/logo\/image\/","url":"https:\/\/jzk-psycholog.pl\/wp-content\/uploads\/2024\/08\/logo-kolor.png","contentUrl":"https:\/\/jzk-psycholog.pl\/wp-content\/uploads\/2024\/08\/logo-kolor.png","width":2364,"height":1068,"caption":"JZK Psycholog Dzieci\u0119cy Wroc\u0142aw"},"image":{"@id":"https:\/\/jzk-psycholog.pl\/#\/schema\/logo\/image\/"}},{"@type":"Person","@id":"https:\/\/jzk-psycholog.pl\/#\/schema\/person\/300b1bd369d831bdea608a0f170dd026","name":"Joanna Zimowska-Koralewska","image":{"@type":"ImageObject","inLanguage":"pl-PL","@id":"https:\/\/secure.gravatar.com\/avatar\/6b8ed2dff7d705435ee3447d7cd04663ef47779e3bb85f650eca8453ff8a6bbc?s=96&d=mm&r=g","url":"https:\/\/secure.gravatar.com\/avatar\/6b8ed2dff7d705435ee3447d7cd04663ef47779e3bb85f650eca8453ff8a6bbc?s=96&d=mm&r=g","contentUrl":"https:\/\/secure.gravatar.com\/avatar\/6b8ed2dff7d705435ee3447d7cd04663ef47779e3bb85f650eca8453ff8a6bbc?s=96&d=mm&r=g","caption":"Joanna Zimowska-Koralewska"},"sameAs":["http:\/\/jzk-psycholog.ovh"],"url":"https:\/\/jzk-psycholog.pl\/index.php\/author\/admin9573\/"}]}},"_links":{"self":[{"href":"https:\/\/jzk-psycholog.pl\/index.php\/wp-json\/wp\/v2\/posts\/46","targetHints":{"allow":["GET"]}}],"collection":[{"href":"https:\/\/jzk-psycholog.pl\/index.php\/wp-json\/wp\/v2\/posts"}],"about":[{"href":"https:\/\/jzk-psycholog.pl\/index.php\/wp-json\/wp\/v2\/types\/post"}],"author":[{"embeddable":true,"href":"https:\/\/jzk-psycholog.pl\/index.php\/wp-json\/wp\/v2\/users\/1"}],"replies":[{"embeddable":true,"href":"https:\/\/jzk-psycholog.pl\/index.php\/wp-json\/wp\/v2\/comments?post=46"}],"version-history":[{"count":2,"href":"https:\/\/jzk-psycholog.pl\/index.php\/wp-json\/wp\/v2\/posts\/46\/revisions"}],"predecessor-version":[{"id":85,"href":"https:\/\/jzk-psycholog.pl\/index.php\/wp-json\/wp\/v2\/posts\/46\/revisions\/85"}],"wp:attachment":[{"href":"https:\/\/jzk-psycholog.pl\/index.php\/wp-json\/wp\/v2\/media?parent=46"}],"wp:term":[{"taxonomy":"category","embeddable":true,"href":"https:\/\/jzk-psycholog.pl\/index.php\/wp-json\/wp\/v2\/categories?post=46"},{"taxonomy":"post_tag","embeddable":true,"href":"https:\/\/jzk-psycholog.pl\/index.php\/wp-json\/wp\/v2\/tags?post=46"}],"curies":[{"name":"wp","href":"https:\/\/api.w.org\/{rel}","templated":true}]}}