{"id":44,"date":"2024-08-21T18:01:15","date_gmt":"2024-08-21T18:01:15","guid":{"rendered":"https:\/\/jzk-psycholog.ovh\/?p=44"},"modified":"2024-09-06T08:14:59","modified_gmt":"2024-09-06T08:14:59","slug":"mutyzm-wybiorczy","status":"publish","type":"post","link":"https:\/\/jzk-psycholog.pl\/index.php\/2024\/08\/21\/mutyzm-wybiorczy\/","title":{"rendered":"Moje dziecko nie m\u00f3wi &#8211; mutyzm wybi\u00f3rczy"},"content":{"rendered":"\n<p>Coraz cz\u0119\u015bciej do gabinetu psychologa dzieci\u0119cego trafiaj\u0105 zaniepokojeni rodzice, kt\u00f3rzy twierdz\u0105, \u017ce ich dziecko nie chce m\u00f3wi\u0107 w r\u00f3\u017cnych sytuacjach. Rodzice czuj\u0105 si\u0119 bezradni, bo nie dzia\u0142a upominanie, zwracanie uwagi czy te\u017c nak\u0142anianie dziecka do m\u00f3wienia. Najcz\u0119\u015bciej okazuje si\u0119, \u017ce przyczyn\u0105 braku komunikacji werbalnej jest mutyzm wybi\u00f3rczy. Co to jest, na czym polega i sk\u0105d si\u0119 bierze? Na te wszystkie pytania postaram si\u0119 odpowiedzie\u0107 w formie skr\u00f3conej, poniewa\u017c opisane poni\u017cej objawy nale\u017cy zawsze skonsultowa\u0107 ze specjalist\u0105.Wczesna i odpowiednia interwencja zwi\u0119ksza szanse na szybsze efekty terapii.<\/p>\n\n\n\n<p><strong>Mutyzm wybi\u00f3rczy (zwany tak\u017ce selektywnym)<\/strong>&nbsp;jest zaburzeniem l\u0119kowym, najcz\u0119\u015bciej rozwija si\u0119 mi\u0119dzy 3. a 5. rokiem \u017cycia. Polega ono na tym, \u017ce dziecko m\u00f3wi w konkretnych sytuacjach, jednocze\u015bnie nie odzywaj\u0105c si\u0119 w innych. Mo\u017ce zdarzy\u0107 si\u0119 na przyk\u0142ad tak, \u017ce rozmawia z rodzicami i rodze\u0144stwem, natomiast panie w przedszkolu czy te\u017c r\u00f3wie\u015bnicy nie mieli mo\u017cliwo\u015bci pozna\u0107 jego g\u0142osu. Tych kombinacji w jakich sytuacjach i z kim dziecko rozmawia mo\u017ce by\u0107 wiele. Co jest istotne dziecko z mutyzmem wybi\u00f3rczym, rozumie co si\u0119 do niego m\u00f3wi i umie m\u00f3wi\u0107, a co najwa\u017cniejsze i cz\u0119sto niezauwa\u017calne&nbsp;ma potrzeb\u0119 komunikowania si\u0119 w spos\u00f3b werbalny, natomiast w pewnych sytuacjach nie potrafi nic powiedzie\u0107. Wart podkre\u015blenia jest fakt, i\u017c obserwowane milczenie u dziecka nie wynika z pr\u00f3b manipulacji otoczeniem, braku kultury osobistej czy niech\u0119ci dziecka do danej osoby.<\/p>\n\n\n\n<p>Jego powodem jest silny l\u0119k, kt\u00f3ry sprawia, \u017ce dziecko nie potrafi odezwa\u0107 si\u0119 w danej sytuacji, mimo i\u017c bardzo by tego chcia\u0142o.<\/p>\n\n\n\n<p><strong>Charakterystyczne objawy mutyzmu wybi\u00f3rczego:<\/strong><\/p>\n\n\n\n<ul class=\"wp-block-list\">\n<li>Dziecko umie m\u00f3wi\u0107, lecz w pewnych sytuacjach nie m\u00f3wi (w strefie dyskomfortu psychicznego dziecko odczuwa l\u0119k przed m\u00f3wieniem, natomiast gdy znajduje si\u0119 w bezpiecznym otoczeniu rozmawia bez problemu).<\/li>\n\n\n\n<li>Czas trwania przekracza jeden miesi\u0105c (w przedszkolu\/szkole dajemy dziecku czas na adaptacj\u0119- 1 miesi\u0105c).<\/li>\n\n\n\n<li>Brak mowy nie jest wynikiem braku wiedzy czy te\u017c nieznajomo\u015bci danego j\u0119zyka.<\/li>\n<\/ul>\n\n\n\n<p><strong>Objawy, kt\u00f3re mog\u0105 pojawi\u0107 si\u0119 u os\u00f3b z MW:<\/strong><\/p>\n\n\n\n<ul class=\"wp-block-list\">\n<li>brak swobody w zachowaniu<\/li>\n\n\n\n<li>widoczna og\u00f3lna l\u0119kliwo\u015b\u0107<\/li>\n\n\n\n<li>w sytuacji gdy zmusza si\u0119 je\u00a0do m\u00f3wienia, wida\u0107 du\u017cy\u00a0niepok\u00f3j<\/li>\n\n\n\n<li>trudno\u015bci w wyra\u017caniu\u00a0emocji,\u00a0<\/li>\n\n\n\n<li>wahania nastroju\u00a0(zw\u0142aszcza w domu)<\/li>\n\n\n\n<li>unikanie kontaktu\u00a0wzrokowego<\/li>\n\n\n\n<li>problemy z korzystaniem z\u00a0toalety publicznej czy te\u017c ze spo\u017cywaniem posi\u0142k\u00f3w np. na terenie przedszkola\/szko\u0142y<\/li>\n\n\n\n<li>brak reakcji, w sytuacji gdy kto\u015b si\u0119 do nich zwraca<\/li>\n\n\n\n<li>nadwra\u017cliwo\u015b\u0107 s\u0142uchowa<\/li>\n\n\n\n<li>wk\u0142adanie palc\u00f3w do buzi<\/li>\n\n\n\n<li>przygryzanie r\u0119kaw\u00f3w czy te\u017c warg<\/li>\n\n\n\n<li>mog\u0105 by\u0107 widoczne\u00a0tiki,\u00a0<\/li>\n\n\n\n<li>moczenie<\/li>\n\n\n\n<li>wada wymowy<\/li>\n<\/ul>\n\n\n\n<p>Nale\u017cy wymieni\u0107 tak\u017ce&nbsp;czynniki ryzyka, kt\u00f3re mog\u0105 predysponowa\u0107 do wyst\u0105pienia mutyzmu wybi\u00f3rczego u dziecka, a s\u0105 nimi mi\u0119dzy innymi:<\/p>\n\n\n\n<ul class=\"wp-block-list\">\n<li>predyspozycje genetyczne (szczeg\u00f3lnie zaburzenia l\u0119kowe wyst\u0119puj\u0105ce w rodzinie)<\/li>\n\n\n\n<li>nie\u015bmia\u0142o\u015b\u0107<\/li>\n\n\n\n<li>mutyzm wybi\u00f3rczy w rodzinie dziecka<\/li>\n<\/ul>\n\n\n\n<p>Mutyzm wybi\u00f3rczy mo\u017ce pojawi\u0107 si\u0119 u dziecka, kt\u00f3re do\u015bwiadczy\u0142o stresogennych sytuacji, takich jak: zmiana miejsca zamieszkania, p\u00f3j\u015bcie do przedszkola, rozw\u00f3d rodzic\u00f3w, strata kogo\u015b bliskiego. Mog\u0105 to by\u0107 tak\u017ce inne trudne dla dziecka sytuacje z jego \u017cycia. Predyspozycje genetyczne w po\u0142\u0105czeniu z czynnikami wyzwalaj\u0105cymi mog\u0105 prowadzi\u0107 do pojawienia si\u0119 mutyzmu wybi\u00f3rczego.<\/p>\n\n\n\n<p>Warto podkre\u015bli\u0107, \u017ce mutyzm wybi\u00f3rczy nie jest tym samym co nie\u015bmia\u0142o\u015b\u0107, z kt\u00f3rej mo\u017cna &#8221;wyrosn\u0105\u0107&#8221;. Jest to zaburzenie l\u0119kowe, kt\u00f3re nale\u017cy jak najwcze\u015bniej zdiagnozowa\u0107 i podda\u0107 terapii. Niestety zdarza si\u0119, \u017ce opiekunowie dziecka zwlekaj\u0105 z podj\u0119ciem tej decyzji i otoczenie w \u015brodowisku dziecka nie\u015bwiadomie przyczynia si\u0119 do utrwalenia MW. Nale\u017cy jeszcze raz podkre\u015bli\u0107 &#8211;&nbsp;nieleczony mutyzm utrwala si\u0119.<\/p>\n\n\n\n<p>Je\u017celi przypuszczaj\u0105 Pa\u0144stwo, \u017ce dziecko mo\u017ce mie\u0107 mutyzm wybi\u00f3rczy, b\u0105d\u017a jego zachowanie wzbudza Pa\u0144stwa niepok\u00f3j, zach\u0119cam, aby skontaktowa\u0107 si\u0119 jak najszybciej ze specjalist\u0105, kt\u00f3ry dokona diagnozy i w razie potrzeby udzieli Pa\u0144stwu wsparcia w ramach psychoedukacji oraz rozpocznie leczenie dziecka. Wczesna diagnoza jest bardzo istotna i mo\u017ce wp\u0142yn\u0105\u0107 na szybsz\u0105 popraw\u0119 funkcjonowania pacjenta.<\/p>\n","protected":false},"excerpt":{"rendered":"<p>Coraz cz\u0119\u015bciej do gabinetu psychologa dzieci\u0119cego trafiaj\u0105 zaniepokojeni rodzice, kt\u00f3rzy twierdz\u0105, \u017ce ich dziecko nie chce m\u00f3wi\u0107 w r\u00f3\u017cnych sytuacjach. Rodzice czuj\u0105 si\u0119 bezradni, bo nie dzia\u0142a upominanie, zwracanie uwagi &hellip; <\/p>\n","protected":false},"author":1,"featured_media":0,"comment_status":"closed","ping_status":"closed","sticky":false,"template":"","format":"standard","meta":{"footnotes":""},"categories":[1],"tags":[],"class_list":["post-44","post","type-post","status-publish","format-standard","hentry","category-artykuly","has-meta has-sticky-meta"],"yoast_head":"<!-- This site is optimized with the Yoast SEO plugin v27.3 - https:\/\/yoast.com\/product\/yoast-seo-wordpress\/ -->\n<title>Moje dziecko nie m\u00f3wi - mutyzm wybi\u00f3rczy - Psycholog Dzieci\u0119cy Wroc\u0142aw JZK<\/title>\n<meta name=\"robots\" content=\"index, follow, max-snippet:-1, max-image-preview:large, max-video-preview:-1\" \/>\n<link rel=\"canonical\" href=\"https:\/\/jzk-psycholog.pl\/index.php\/2024\/08\/21\/mutyzm-wybiorczy\/\" \/>\n<meta property=\"og:locale\" content=\"pl_PL\" \/>\n<meta property=\"og:type\" content=\"article\" \/>\n<meta property=\"og:title\" content=\"Moje dziecko nie m\u00f3wi - mutyzm wybi\u00f3rczy - Psycholog Dzieci\u0119cy Wroc\u0142aw JZK\" \/>\n<meta property=\"og:description\" content=\"Coraz cz\u0119\u015bciej do gabinetu psychologa dzieci\u0119cego trafiaj\u0105 zaniepokojeni rodzice, kt\u00f3rzy twierdz\u0105, \u017ce ich dziecko nie chce m\u00f3wi\u0107 w r\u00f3\u017cnych sytuacjach. Rodzice czuj\u0105 si\u0119 bezradni, bo nie dzia\u0142a upominanie, zwracanie uwagi &hellip;\" \/>\n<meta property=\"og:url\" content=\"https:\/\/jzk-psycholog.pl\/index.php\/2024\/08\/21\/mutyzm-wybiorczy\/\" \/>\n<meta property=\"og:site_name\" content=\"Psycholog Dzieci\u0119cy Wroc\u0142aw JZK\" \/>\n<meta property=\"article:published_time\" content=\"2024-08-21T18:01:15+00:00\" \/>\n<meta property=\"article:modified_time\" content=\"2024-09-06T08:14:59+00:00\" \/>\n<meta name=\"author\" content=\"Joanna Zimowska-Koralewska\" \/>\n<meta name=\"twitter:card\" content=\"summary_large_image\" \/>\n<meta name=\"twitter:label1\" content=\"Napisane przez\" \/>\n\t<meta name=\"twitter:data1\" content=\"Joanna Zimowska-Koralewska\" \/>\n\t<meta name=\"twitter:label2\" content=\"Szacowany czas czytania\" \/>\n\t<meta name=\"twitter:data2\" content=\"4 minuty\" \/>\n<script type=\"application\/ld+json\" class=\"yoast-schema-graph\">{\"@context\":\"https:\\\/\\\/schema.org\",\"@graph\":[{\"@type\":\"Article\",\"@id\":\"https:\\\/\\\/jzk-psycholog.pl\\\/index.php\\\/2024\\\/08\\\/21\\\/mutyzm-wybiorczy\\\/#article\",\"isPartOf\":{\"@id\":\"https:\\\/\\\/jzk-psycholog.pl\\\/index.php\\\/2024\\\/08\\\/21\\\/mutyzm-wybiorczy\\\/\"},\"author\":{\"name\":\"Joanna Zimowska-Koralewska\",\"@id\":\"https:\\\/\\\/jzk-psycholog.pl\\\/#\\\/schema\\\/person\\\/300b1bd369d831bdea608a0f170dd026\"},\"headline\":\"Moje dziecko nie m\u00f3wi &#8211; mutyzm wybi\u00f3rczy\",\"datePublished\":\"2024-08-21T18:01:15+00:00\",\"dateModified\":\"2024-09-06T08:14:59+00:00\",\"mainEntityOfPage\":{\"@id\":\"https:\\\/\\\/jzk-psycholog.pl\\\/index.php\\\/2024\\\/08\\\/21\\\/mutyzm-wybiorczy\\\/\"},\"wordCount\":714,\"publisher\":{\"@id\":\"https:\\\/\\\/jzk-psycholog.pl\\\/#organization\"},\"articleSection\":[\"Artyku\u0142y\"],\"inLanguage\":\"pl-PL\"},{\"@type\":\"WebPage\",\"@id\":\"https:\\\/\\\/jzk-psycholog.pl\\\/index.php\\\/2024\\\/08\\\/21\\\/mutyzm-wybiorczy\\\/\",\"url\":\"https:\\\/\\\/jzk-psycholog.pl\\\/index.php\\\/2024\\\/08\\\/21\\\/mutyzm-wybiorczy\\\/\",\"name\":\"Moje dziecko nie m\u00f3wi - mutyzm wybi\u00f3rczy - Psycholog Dzieci\u0119cy Wroc\u0142aw JZK\",\"isPartOf\":{\"@id\":\"https:\\\/\\\/jzk-psycholog.pl\\\/#website\"},\"datePublished\":\"2024-08-21T18:01:15+00:00\",\"dateModified\":\"2024-09-06T08:14:59+00:00\",\"breadcrumb\":{\"@id\":\"https:\\\/\\\/jzk-psycholog.pl\\\/index.php\\\/2024\\\/08\\\/21\\\/mutyzm-wybiorczy\\\/#breadcrumb\"},\"inLanguage\":\"pl-PL\",\"potentialAction\":[{\"@type\":\"ReadAction\",\"target\":[\"https:\\\/\\\/jzk-psycholog.pl\\\/index.php\\\/2024\\\/08\\\/21\\\/mutyzm-wybiorczy\\\/\"]}]},{\"@type\":\"BreadcrumbList\",\"@id\":\"https:\\\/\\\/jzk-psycholog.pl\\\/index.php\\\/2024\\\/08\\\/21\\\/mutyzm-wybiorczy\\\/#breadcrumb\",\"itemListElement\":[{\"@type\":\"ListItem\",\"position\":1,\"name\":\"Strona g\u0142\u00f3wna\",\"item\":\"https:\\\/\\\/jzk-psycholog.pl\\\/\"},{\"@type\":\"ListItem\",\"position\":2,\"name\":\"Moje dziecko nie m\u00f3wi &#8211; mutyzm wybi\u00f3rczy\"}]},{\"@type\":\"WebSite\",\"@id\":\"https:\\\/\\\/jzk-psycholog.pl\\\/#website\",\"url\":\"https:\\\/\\\/jzk-psycholog.pl\\\/\",\"name\":\"JZK Psycholog Dzieci\u0119cy\",\"description\":\"mgr Joanna Zimowska Koralewska. Gabinet diagnozy i terapii dzieci 0-10 lat.\",\"publisher\":{\"@id\":\"https:\\\/\\\/jzk-psycholog.pl\\\/#organization\"},\"potentialAction\":[{\"@type\":\"SearchAction\",\"target\":{\"@type\":\"EntryPoint\",\"urlTemplate\":\"https:\\\/\\\/jzk-psycholog.pl\\\/?s={search_term_string}\"},\"query-input\":{\"@type\":\"PropertyValueSpecification\",\"valueRequired\":true,\"valueName\":\"search_term_string\"}}],\"inLanguage\":\"pl-PL\"},{\"@type\":\"Organization\",\"@id\":\"https:\\\/\\\/jzk-psycholog.pl\\\/#organization\",\"name\":\"JZK Psycholog Dzieci\u0119cy Wroc\u0142aw\",\"url\":\"https:\\\/\\\/jzk-psycholog.pl\\\/\",\"logo\":{\"@type\":\"ImageObject\",\"inLanguage\":\"pl-PL\",\"@id\":\"https:\\\/\\\/jzk-psycholog.pl\\\/#\\\/schema\\\/logo\\\/image\\\/\",\"url\":\"https:\\\/\\\/jzk-psycholog.pl\\\/wp-content\\\/uploads\\\/2024\\\/08\\\/logo-kolor.png\",\"contentUrl\":\"https:\\\/\\\/jzk-psycholog.pl\\\/wp-content\\\/uploads\\\/2024\\\/08\\\/logo-kolor.png\",\"width\":2364,\"height\":1068,\"caption\":\"JZK Psycholog Dzieci\u0119cy Wroc\u0142aw\"},\"image\":{\"@id\":\"https:\\\/\\\/jzk-psycholog.pl\\\/#\\\/schema\\\/logo\\\/image\\\/\"}},{\"@type\":\"Person\",\"@id\":\"https:\\\/\\\/jzk-psycholog.pl\\\/#\\\/schema\\\/person\\\/300b1bd369d831bdea608a0f170dd026\",\"name\":\"Joanna Zimowska-Koralewska\",\"image\":{\"@type\":\"ImageObject\",\"inLanguage\":\"pl-PL\",\"@id\":\"https:\\\/\\\/secure.gravatar.com\\\/avatar\\\/6b8ed2dff7d705435ee3447d7cd04663ef47779e3bb85f650eca8453ff8a6bbc?s=96&d=mm&r=g\",\"url\":\"https:\\\/\\\/secure.gravatar.com\\\/avatar\\\/6b8ed2dff7d705435ee3447d7cd04663ef47779e3bb85f650eca8453ff8a6bbc?s=96&d=mm&r=g\",\"contentUrl\":\"https:\\\/\\\/secure.gravatar.com\\\/avatar\\\/6b8ed2dff7d705435ee3447d7cd04663ef47779e3bb85f650eca8453ff8a6bbc?s=96&d=mm&r=g\",\"caption\":\"Joanna Zimowska-Koralewska\"},\"sameAs\":[\"http:\\\/\\\/jzk-psycholog.ovh\"],\"url\":\"https:\\\/\\\/jzk-psycholog.pl\\\/index.php\\\/author\\\/admin9573\\\/\"}]}<\/script>\n<!-- \/ Yoast SEO plugin. -->","yoast_head_json":{"title":"Moje dziecko nie m\u00f3wi - mutyzm wybi\u00f3rczy - Psycholog Dzieci\u0119cy Wroc\u0142aw JZK","robots":{"index":"index","follow":"follow","max-snippet":"max-snippet:-1","max-image-preview":"max-image-preview:large","max-video-preview":"max-video-preview:-1"},"canonical":"https:\/\/jzk-psycholog.pl\/index.php\/2024\/08\/21\/mutyzm-wybiorczy\/","og_locale":"pl_PL","og_type":"article","og_title":"Moje dziecko nie m\u00f3wi - mutyzm wybi\u00f3rczy - Psycholog Dzieci\u0119cy Wroc\u0142aw JZK","og_description":"Coraz cz\u0119\u015bciej do gabinetu psychologa dzieci\u0119cego trafiaj\u0105 zaniepokojeni rodzice, kt\u00f3rzy twierdz\u0105, \u017ce ich dziecko nie chce m\u00f3wi\u0107 w r\u00f3\u017cnych sytuacjach. Rodzice czuj\u0105 si\u0119 bezradni, bo nie dzia\u0142a upominanie, zwracanie uwagi &hellip;","og_url":"https:\/\/jzk-psycholog.pl\/index.php\/2024\/08\/21\/mutyzm-wybiorczy\/","og_site_name":"Psycholog Dzieci\u0119cy Wroc\u0142aw JZK","article_published_time":"2024-08-21T18:01:15+00:00","article_modified_time":"2024-09-06T08:14:59+00:00","author":"Joanna Zimowska-Koralewska","twitter_card":"summary_large_image","twitter_misc":{"Napisane przez":"Joanna Zimowska-Koralewska","Szacowany czas czytania":"4 minuty"},"schema":{"@context":"https:\/\/schema.org","@graph":[{"@type":"Article","@id":"https:\/\/jzk-psycholog.pl\/index.php\/2024\/08\/21\/mutyzm-wybiorczy\/#article","isPartOf":{"@id":"https:\/\/jzk-psycholog.pl\/index.php\/2024\/08\/21\/mutyzm-wybiorczy\/"},"author":{"name":"Joanna Zimowska-Koralewska","@id":"https:\/\/jzk-psycholog.pl\/#\/schema\/person\/300b1bd369d831bdea608a0f170dd026"},"headline":"Moje dziecko nie m\u00f3wi &#8211; mutyzm wybi\u00f3rczy","datePublished":"2024-08-21T18:01:15+00:00","dateModified":"2024-09-06T08:14:59+00:00","mainEntityOfPage":{"@id":"https:\/\/jzk-psycholog.pl\/index.php\/2024\/08\/21\/mutyzm-wybiorczy\/"},"wordCount":714,"publisher":{"@id":"https:\/\/jzk-psycholog.pl\/#organization"},"articleSection":["Artyku\u0142y"],"inLanguage":"pl-PL"},{"@type":"WebPage","@id":"https:\/\/jzk-psycholog.pl\/index.php\/2024\/08\/21\/mutyzm-wybiorczy\/","url":"https:\/\/jzk-psycholog.pl\/index.php\/2024\/08\/21\/mutyzm-wybiorczy\/","name":"Moje dziecko nie m\u00f3wi - mutyzm wybi\u00f3rczy - Psycholog Dzieci\u0119cy Wroc\u0142aw JZK","isPartOf":{"@id":"https:\/\/jzk-psycholog.pl\/#website"},"datePublished":"2024-08-21T18:01:15+00:00","dateModified":"2024-09-06T08:14:59+00:00","breadcrumb":{"@id":"https:\/\/jzk-psycholog.pl\/index.php\/2024\/08\/21\/mutyzm-wybiorczy\/#breadcrumb"},"inLanguage":"pl-PL","potentialAction":[{"@type":"ReadAction","target":["https:\/\/jzk-psycholog.pl\/index.php\/2024\/08\/21\/mutyzm-wybiorczy\/"]}]},{"@type":"BreadcrumbList","@id":"https:\/\/jzk-psycholog.pl\/index.php\/2024\/08\/21\/mutyzm-wybiorczy\/#breadcrumb","itemListElement":[{"@type":"ListItem","position":1,"name":"Strona g\u0142\u00f3wna","item":"https:\/\/jzk-psycholog.pl\/"},{"@type":"ListItem","position":2,"name":"Moje dziecko nie m\u00f3wi &#8211; mutyzm wybi\u00f3rczy"}]},{"@type":"WebSite","@id":"https:\/\/jzk-psycholog.pl\/#website","url":"https:\/\/jzk-psycholog.pl\/","name":"JZK Psycholog Dzieci\u0119cy","description":"mgr Joanna Zimowska Koralewska. Gabinet diagnozy i terapii dzieci 0-10 lat.","publisher":{"@id":"https:\/\/jzk-psycholog.pl\/#organization"},"potentialAction":[{"@type":"SearchAction","target":{"@type":"EntryPoint","urlTemplate":"https:\/\/jzk-psycholog.pl\/?s={search_term_string}"},"query-input":{"@type":"PropertyValueSpecification","valueRequired":true,"valueName":"search_term_string"}}],"inLanguage":"pl-PL"},{"@type":"Organization","@id":"https:\/\/jzk-psycholog.pl\/#organization","name":"JZK Psycholog Dzieci\u0119cy Wroc\u0142aw","url":"https:\/\/jzk-psycholog.pl\/","logo":{"@type":"ImageObject","inLanguage":"pl-PL","@id":"https:\/\/jzk-psycholog.pl\/#\/schema\/logo\/image\/","url":"https:\/\/jzk-psycholog.pl\/wp-content\/uploads\/2024\/08\/logo-kolor.png","contentUrl":"https:\/\/jzk-psycholog.pl\/wp-content\/uploads\/2024\/08\/logo-kolor.png","width":2364,"height":1068,"caption":"JZK Psycholog Dzieci\u0119cy Wroc\u0142aw"},"image":{"@id":"https:\/\/jzk-psycholog.pl\/#\/schema\/logo\/image\/"}},{"@type":"Person","@id":"https:\/\/jzk-psycholog.pl\/#\/schema\/person\/300b1bd369d831bdea608a0f170dd026","name":"Joanna Zimowska-Koralewska","image":{"@type":"ImageObject","inLanguage":"pl-PL","@id":"https:\/\/secure.gravatar.com\/avatar\/6b8ed2dff7d705435ee3447d7cd04663ef47779e3bb85f650eca8453ff8a6bbc?s=96&d=mm&r=g","url":"https:\/\/secure.gravatar.com\/avatar\/6b8ed2dff7d705435ee3447d7cd04663ef47779e3bb85f650eca8453ff8a6bbc?s=96&d=mm&r=g","contentUrl":"https:\/\/secure.gravatar.com\/avatar\/6b8ed2dff7d705435ee3447d7cd04663ef47779e3bb85f650eca8453ff8a6bbc?s=96&d=mm&r=g","caption":"Joanna Zimowska-Koralewska"},"sameAs":["http:\/\/jzk-psycholog.ovh"],"url":"https:\/\/jzk-psycholog.pl\/index.php\/author\/admin9573\/"}]}},"_links":{"self":[{"href":"https:\/\/jzk-psycholog.pl\/index.php\/wp-json\/wp\/v2\/posts\/44","targetHints":{"allow":["GET"]}}],"collection":[{"href":"https:\/\/jzk-psycholog.pl\/index.php\/wp-json\/wp\/v2\/posts"}],"about":[{"href":"https:\/\/jzk-psycholog.pl\/index.php\/wp-json\/wp\/v2\/types\/post"}],"author":[{"embeddable":true,"href":"https:\/\/jzk-psycholog.pl\/index.php\/wp-json\/wp\/v2\/users\/1"}],"replies":[{"embeddable":true,"href":"https:\/\/jzk-psycholog.pl\/index.php\/wp-json\/wp\/v2\/comments?post=44"}],"version-history":[{"count":2,"href":"https:\/\/jzk-psycholog.pl\/index.php\/wp-json\/wp\/v2\/posts\/44\/revisions"}],"predecessor-version":[{"id":83,"href":"https:\/\/jzk-psycholog.pl\/index.php\/wp-json\/wp\/v2\/posts\/44\/revisions\/83"}],"wp:attachment":[{"href":"https:\/\/jzk-psycholog.pl\/index.php\/wp-json\/wp\/v2\/media?parent=44"}],"wp:term":[{"taxonomy":"category","embeddable":true,"href":"https:\/\/jzk-psycholog.pl\/index.php\/wp-json\/wp\/v2\/categories?post=44"},{"taxonomy":"post_tag","embeddable":true,"href":"https:\/\/jzk-psycholog.pl\/index.php\/wp-json\/wp\/v2\/tags?post=44"}],"curies":[{"name":"wp","href":"https:\/\/api.w.org\/{rel}","templated":true}]}}